{"id":16633,"date":"2020-01-01T12:01:31","date_gmt":"2020-01-01T12:01:31","guid":{"rendered":"https:\/\/chwbkosova.org\/?p=16633"},"modified":"2026-03-04T10:32:17","modified_gmt":"2026-03-04T10:32:17","slug":"plani-i-veprimit-per-zhvillimin-e-rajonit-ekonomik-perendim-permes-trashegimise-kulturore","status":"publish","type":"post","link":"https:\/\/chwbkosova.org\/sq\/plani-i-veprimit-per-zhvillimin-e-rajonit-ekonomik-perendim-permes-trashegimise-kulturore\/","title":{"rendered":"Plani i Veprimit p\u00ebr Zhvillimin e Rajonit Ekonomik Per\u00ebndim p\u00ebrmes Trash\u00ebgimis\u00eb Kulturore"},"content":{"rendered":"<p><strong>Aktiviteti Kryesor:<\/strong> Planifikimi Strategjik;<\/p>\n<p><strong>P\u00ebrfituesit Kryesor\u00eb:<\/strong> Institucionet e qeverisjes vendore dhe qendrore; Organizatat dhe profesionist\u00ebt e sektorit kulturor; Bizneset dhe Organizatat e Shoq\u00ebris\u00eb Civile nga Industrit\u00eb Kreative; Institucionet akademike dhe organet k\u00ebrkimore; Komunitetet lokale dhe diaspora;<\/p>\n<p><strong>Afati Kohor:<\/strong> 2020<\/p>\n<p><strong>Financimi:<\/strong> SIDA<\/p>\n<p><strong>Vendndodhja:<\/strong> Rajoni Ekonomik Per\u00ebndimor: Komuna e De\u00e7anit, Komuna e Gjakov\u00ebs, Komuna e Istogut, Komuna e Junikut, Komuna e Klin\u00ebs, Komuna e Pej\u00ebs;<\/p>\n<p><strong>Objektivat Kryesore t\u00eb Projektit<\/strong><\/p>\n<ul>\n<li>Shfryt\u00ebzimi i trash\u00ebgimis\u00eb kulturore p\u00ebr zhvillim t\u00eb q\u00ebndruesh\u00ebm ekonomik, social dhe kulturor.;<\/li>\n<li>Krijimi i nj\u00eb modeli rajonal kulturor p\u00ebrmes bashk\u00ebpunimit shum\u00ebsektorial;<\/li>\n<li>Forcimi i rolit t\u00eb kultur\u00ebs si nxit\u00ebs i zhvillimit lokal;<\/li>\n<li>P\u00ebrshtatja e politikave kulturore me strategjit\u00eb lokale dhe komb\u00ebtare t\u00eb zhvillimit;<\/li>\n<\/ul>\n<p><strong>Rezultatet Kryesore t\u00eb Projektit<\/strong><\/p>\n<ul>\n<li>Nj\u00eb Strategji dhe Plan Veprimi i strukturuar q\u00eb integron trash\u00ebgimin\u00eb kulturore n\u00eb zhvillimin rajonal;<\/li>\n<li>Nxitje p\u00ebr inovacion dhe p\u00ebrmir\u00ebsim t\u00eb arsimit drejt\u00eb p\u00ebrshtatjes me nevojat e tregut t\u00eb pun\u00ebs;<\/li>\n<li>Bashk\u00ebpunimi nd\u00ebrkomunal dhe shum\u00ebsektorial i forcuar;<\/li>\n<\/ul>\n","protected":false},"excerpt":{"rendered":"<p>Aktiviteti Kryesor: Planifikimi Strategjik; P\u00ebrfituesit Kryesor\u00eb: Institucionet e qeverisjes vendore dhe qendrore; Organizatat dhe profesionist\u00ebt e sektorit kulturor; Bizneset dhe Organizatat e Shoq\u00ebris\u00eb Civile nga Industrit\u00eb Kreative; Institucionet akademike dhe organet k\u00ebrkimore; Komunitetet lokale dhe diaspora; Afati Kohor: 2020 Financimi: SIDA Vendndodhja: Rajoni Ekonomik Per\u00ebndimor: Komuna e De\u00e7anit, Komuna e Gjakov\u00ebs, Komuna e Istogut, Komuna [&hellip;]<\/p>\n","protected":false},"author":9,"featured_media":16632,"comment_status":"open","ping_status":"open","sticky":false,"template":"","format":"standard","meta":{"_acf_changed":false,"footnotes":""},"categories":[76],"tags":[],"class_list":["post-16633","post","type-post","status-publish","format-standard","has-post-thumbnail","hentry","category-projekte"],"acf":[],"yoast_head":"<!-- This site is optimized with the Yoast SEO plugin v27.4 - https:\/\/yoast.com\/product\/yoast-seo-wordpress\/ -->\n<title>Plani i Veprimit p\u00ebr Zhvillimin e Rajonit Ekonomik Per\u00ebndim p\u00ebrmes Trash\u00ebgimis\u00eb Kulturore -<\/title>\n<meta name=\"robots\" content=\"index, follow, max-snippet:-1, max-image-preview:large, max-video-preview:-1\" \/>\n<link rel=\"canonical\" href=\"https:\/\/chwbkosova.org\/sq\/plani-i-veprimit-per-zhvillimin-e-rajonit-ekonomik-perendim-permes-trashegimise-kulturore\/\" \/>\n<meta property=\"og:locale\" content=\"sq_AL\" \/>\n<meta property=\"og:type\" content=\"article\" \/>\n<meta property=\"og:title\" content=\"Plani i Veprimit p\u00ebr Zhvillimin e Rajonit Ekonomik Per\u00ebndim p\u00ebrmes Trash\u00ebgimis\u00eb Kulturore -\" \/>\n<meta property=\"og:description\" content=\"Aktiviteti Kryesor: Planifikimi Strategjik; P\u00ebrfituesit Kryesor\u00eb: Institucionet e qeverisjes vendore dhe qendrore; Organizatat dhe profesionist\u00ebt e sektorit kulturor; Bizneset dhe Organizatat e Shoq\u00ebris\u00eb Civile nga Industrit\u00eb Kreative; Institucionet akademike dhe organet k\u00ebrkimore; Komunitetet lokale dhe diaspora; Afati Kohor: 2020 Financimi: SIDA Vendndodhja: Rajoni Ekonomik Per\u00ebndimor: Komuna e De\u00e7anit, Komuna e Gjakov\u00ebs, Komuna e Istogut, Komuna [&hellip;]\" \/>\n<meta property=\"og:url\" content=\"https:\/\/chwbkosova.org\/sq\/plani-i-veprimit-per-zhvillimin-e-rajonit-ekonomik-perendim-permes-trashegimise-kulturore\/\" \/>\n<meta property=\"article:published_time\" content=\"2020-01-01T12:01:31+00:00\" \/>\n<meta property=\"article:modified_time\" content=\"2026-03-04T10:32:17+00:00\" \/>\n<meta property=\"og:image\" content=\"https:\/\/chwbkosova.org\/wp-content\/uploads\/2020\/01\/Pages-from-Plani-i-Veprimit-per-Zhvillimin-e-Rajonit-Ekonomik-Perendim-2020-2023_CHwB-Kosova-1.png\" \/>\n\t<meta property=\"og:image:width\" content=\"2339\" \/>\n\t<meta property=\"og:image:height\" content=\"1654\" \/>\n\t<meta property=\"og:image:type\" content=\"image\/png\" \/>\n<meta name=\"author\" content=\"chwbkosova\" \/>\n<meta name=\"twitter:card\" content=\"summary_large_image\" \/>\n<meta name=\"twitter:label1\" content=\"Written by\" \/>\n\t<meta name=\"twitter:data1\" content=\"chwbkosova\" \/>\n\t<meta name=\"twitter:label2\" content=\"Est. reading time\" \/>\n\t<meta name=\"twitter:data2\" content=\"1 minute\" \/>\n<script type=\"application\/ld+json\" class=\"yoast-schema-graph\">{\"@context\":\"https:\\\/\\\/schema.org\",\"@graph\":[{\"@type\":\"Article\",\"@id\":\"https:\\\/\\\/chwbkosova.org\\\/sq\\\/plani-i-veprimit-per-zhvillimin-e-rajonit-ekonomik-perendim-permes-trashegimise-kulturore\\\/#article\",\"isPartOf\":{\"@id\":\"https:\\\/\\\/chwbkosova.org\\\/sq\\\/plani-i-veprimit-per-zhvillimin-e-rajonit-ekonomik-perendim-permes-trashegimise-kulturore\\\/\"},\"author\":{\"name\":\"chwbkosova\",\"@id\":\"https:\\\/\\\/chwbkosova.org\\\/#\\\/schema\\\/person\\\/e9fa62dca5d46fc7354036eb8ace7a05\"},\"headline\":\"Plani i Veprimit p\u00ebr Zhvillimin e Rajonit Ekonomik Per\u00ebndim p\u00ebrmes Trash\u00ebgimis\u00eb Kulturore\",\"datePublished\":\"2020-01-01T12:01:31+00:00\",\"dateModified\":\"2026-03-04T10:32:17+00:00\",\"mainEntityOfPage\":{\"@id\":\"https:\\\/\\\/chwbkosova.org\\\/sq\\\/plani-i-veprimit-per-zhvillimin-e-rajonit-ekonomik-perendim-permes-trashegimise-kulturore\\\/\"},\"wordCount\":193,\"commentCount\":0,\"publisher\":{\"@id\":\"https:\\\/\\\/chwbkosova.org\\\/#organization\"},\"image\":{\"@id\":\"https:\\\/\\\/chwbkosova.org\\\/sq\\\/plani-i-veprimit-per-zhvillimin-e-rajonit-ekonomik-perendim-permes-trashegimise-kulturore\\\/#primaryimage\"},\"thumbnailUrl\":\"https:\\\/\\\/chwbkosova.org\\\/wp-content\\\/uploads\\\/2020\\\/01\\\/Pages-from-Plani-i-Veprimit-per-Zhvillimin-e-Rajonit-Ekonomik-Perendim-2020-2023_CHwB-Kosova-1.png\",\"articleSection\":[\"Projekte\"],\"inLanguage\":\"sq-AL\",\"potentialAction\":[{\"@type\":\"CommentAction\",\"name\":\"Comment\",\"target\":[\"https:\\\/\\\/chwbkosova.org\\\/sq\\\/plani-i-veprimit-per-zhvillimin-e-rajonit-ekonomik-perendim-permes-trashegimise-kulturore\\\/#respond\"]}]},{\"@type\":\"WebPage\",\"@id\":\"https:\\\/\\\/chwbkosova.org\\\/sq\\\/plani-i-veprimit-per-zhvillimin-e-rajonit-ekonomik-perendim-permes-trashegimise-kulturore\\\/\",\"url\":\"https:\\\/\\\/chwbkosova.org\\\/sq\\\/plani-i-veprimit-per-zhvillimin-e-rajonit-ekonomik-perendim-permes-trashegimise-kulturore\\\/\",\"name\":\"Plani i Veprimit p\u00ebr Zhvillimin e Rajonit Ekonomik Per\u00ebndim p\u00ebrmes Trash\u00ebgimis\u00eb Kulturore -\",\"isPartOf\":{\"@id\":\"https:\\\/\\\/chwbkosova.org\\\/#website\"},\"primaryImageOfPage\":{\"@id\":\"https:\\\/\\\/chwbkosova.org\\\/sq\\\/plani-i-veprimit-per-zhvillimin-e-rajonit-ekonomik-perendim-permes-trashegimise-kulturore\\\/#primaryimage\"},\"image\":{\"@id\":\"https:\\\/\\\/chwbkosova.org\\\/sq\\\/plani-i-veprimit-per-zhvillimin-e-rajonit-ekonomik-perendim-permes-trashegimise-kulturore\\\/#primaryimage\"},\"thumbnailUrl\":\"https:\\\/\\\/chwbkosova.org\\\/wp-content\\\/uploads\\\/2020\\\/01\\\/Pages-from-Plani-i-Veprimit-per-Zhvillimin-e-Rajonit-Ekonomik-Perendim-2020-2023_CHwB-Kosova-1.png\",\"datePublished\":\"2020-01-01T12:01:31+00:00\",\"dateModified\":\"2026-03-04T10:32:17+00:00\",\"breadcrumb\":{\"@id\":\"https:\\\/\\\/chwbkosova.org\\\/sq\\\/plani-i-veprimit-per-zhvillimin-e-rajonit-ekonomik-perendim-permes-trashegimise-kulturore\\\/#breadcrumb\"},\"inLanguage\":\"sq-AL\",\"potentialAction\":[{\"@type\":\"ReadAction\",\"target\":[\"https:\\\/\\\/chwbkosova.org\\\/sq\\\/plani-i-veprimit-per-zhvillimin-e-rajonit-ekonomik-perendim-permes-trashegimise-kulturore\\\/\"]}]},{\"@type\":\"ImageObject\",\"inLanguage\":\"sq-AL\",\"@id\":\"https:\\\/\\\/chwbkosova.org\\\/sq\\\/plani-i-veprimit-per-zhvillimin-e-rajonit-ekonomik-perendim-permes-trashegimise-kulturore\\\/#primaryimage\",\"url\":\"https:\\\/\\\/chwbkosova.org\\\/wp-content\\\/uploads\\\/2020\\\/01\\\/Pages-from-Plani-i-Veprimit-per-Zhvillimin-e-Rajonit-Ekonomik-Perendim-2020-2023_CHwB-Kosova-1.png\",\"contentUrl\":\"https:\\\/\\\/chwbkosova.org\\\/wp-content\\\/uploads\\\/2020\\\/01\\\/Pages-from-Plani-i-Veprimit-per-Zhvillimin-e-Rajonit-Ekonomik-Perendim-2020-2023_CHwB-Kosova-1.png\",\"width\":2339,\"height\":1654},{\"@type\":\"BreadcrumbList\",\"@id\":\"https:\\\/\\\/chwbkosova.org\\\/sq\\\/plani-i-veprimit-per-zhvillimin-e-rajonit-ekonomik-perendim-permes-trashegimise-kulturore\\\/#breadcrumb\",\"itemListElement\":[{\"@type\":\"ListItem\",\"position\":1,\"name\":\"Home\",\"item\":\"https:\\\/\\\/chwbkosova.org\\\/sq\\\/ballina-2\\\/\"},{\"@type\":\"ListItem\",\"position\":2,\"name\":\"Plani i Veprimit p\u00ebr Zhvillimin e Rajonit Ekonomik Per\u00ebndim p\u00ebrmes Trash\u00ebgimis\u00eb Kulturore\"}]},{\"@type\":\"WebSite\",\"@id\":\"https:\\\/\\\/chwbkosova.org\\\/#website\",\"url\":\"https:\\\/\\\/chwbkosova.org\\\/\",\"name\":\"CHWB Kosova\",\"description\":\"CHWB Kosova\",\"publisher\":{\"@id\":\"https:\\\/\\\/chwbkosova.org\\\/#organization\"},\"potentialAction\":[{\"@type\":\"SearchAction\",\"target\":{\"@type\":\"EntryPoint\",\"urlTemplate\":\"https:\\\/\\\/chwbkosova.org\\\/?s={search_term_string}\"},\"query-input\":{\"@type\":\"PropertyValueSpecification\",\"valueRequired\":true,\"valueName\":\"search_term_string\"}}],\"inLanguage\":\"sq-AL\"},{\"@type\":\"Organization\",\"@id\":\"https:\\\/\\\/chwbkosova.org\\\/#organization\",\"name\":\"CHWB Kosova\",\"url\":\"https:\\\/\\\/chwbkosova.org\\\/\",\"logo\":{\"@type\":\"ImageObject\",\"inLanguage\":\"sq-AL\",\"@id\":\"https:\\\/\\\/chwbkosova.org\\\/#\\\/schema\\\/logo\\\/image\\\/\",\"url\":\"https:\\\/\\\/chwbkosova.org\\\/wp-content\\\/uploads\\\/2023\\\/07\\\/cropped-logo_black.jpg\",\"contentUrl\":\"https:\\\/\\\/chwbkosova.org\\\/wp-content\\\/uploads\\\/2023\\\/07\\\/cropped-logo_black.jpg\",\"width\":512,\"height\":512,\"caption\":\"CHWB Kosova\"},\"image\":{\"@id\":\"https:\\\/\\\/chwbkosova.org\\\/#\\\/schema\\\/logo\\\/image\\\/\"}},{\"@type\":\"Person\",\"@id\":\"https:\\\/\\\/chwbkosova.org\\\/#\\\/schema\\\/person\\\/e9fa62dca5d46fc7354036eb8ace7a05\",\"name\":\"chwbkosova\",\"image\":{\"@type\":\"ImageObject\",\"inLanguage\":\"sq-AL\",\"@id\":\"https:\\\/\\\/secure.gravatar.com\\\/avatar\\\/f445e167d6c9b78f438fc32458f47a73debdb007b7b6a9fe8c235acffbf3d84e?s=96&d=mm&r=g\",\"url\":\"https:\\\/\\\/secure.gravatar.com\\\/avatar\\\/f445e167d6c9b78f438fc32458f47a73debdb007b7b6a9fe8c235acffbf3d84e?s=96&d=mm&r=g\",\"contentUrl\":\"https:\\\/\\\/secure.gravatar.com\\\/avatar\\\/f445e167d6c9b78f438fc32458f47a73debdb007b7b6a9fe8c235acffbf3d84e?s=96&d=mm&r=g\",\"caption\":\"chwbkosova\"},\"url\":\"https:\\\/\\\/chwbkosova.org\\\/sq\\\/author\\\/chwbkosova\\\/\"}]}<\/script>\n<!-- \/ Yoast SEO plugin. -->","yoast_head_json":{"title":"Plani i Veprimit p\u00ebr Zhvillimin e Rajonit Ekonomik Per\u00ebndim p\u00ebrmes Trash\u00ebgimis\u00eb Kulturore -","robots":{"index":"index","follow":"follow","max-snippet":"max-snippet:-1","max-image-preview":"max-image-preview:large","max-video-preview":"max-video-preview:-1"},"canonical":"https:\/\/chwbkosova.org\/sq\/plani-i-veprimit-per-zhvillimin-e-rajonit-ekonomik-perendim-permes-trashegimise-kulturore\/","og_locale":"sq_AL","og_type":"article","og_title":"Plani i Veprimit p\u00ebr Zhvillimin e Rajonit Ekonomik Per\u00ebndim p\u00ebrmes Trash\u00ebgimis\u00eb Kulturore -","og_description":"Aktiviteti Kryesor: Planifikimi Strategjik; P\u00ebrfituesit Kryesor\u00eb: Institucionet e qeverisjes vendore dhe qendrore; Organizatat dhe profesionist\u00ebt e sektorit kulturor; Bizneset dhe Organizatat e Shoq\u00ebris\u00eb Civile nga Industrit\u00eb Kreative; Institucionet akademike dhe organet k\u00ebrkimore; Komunitetet lokale dhe diaspora; Afati Kohor: 2020 Financimi: SIDA Vendndodhja: Rajoni Ekonomik Per\u00ebndimor: Komuna e De\u00e7anit, Komuna e Gjakov\u00ebs, Komuna e Istogut, Komuna [&hellip;]","og_url":"https:\/\/chwbkosova.org\/sq\/plani-i-veprimit-per-zhvillimin-e-rajonit-ekonomik-perendim-permes-trashegimise-kulturore\/","article_published_time":"2020-01-01T12:01:31+00:00","article_modified_time":"2026-03-04T10:32:17+00:00","og_image":[{"width":2339,"height":1654,"url":"https:\/\/chwbkosova.org\/wp-content\/uploads\/2020\/01\/Pages-from-Plani-i-Veprimit-per-Zhvillimin-e-Rajonit-Ekonomik-Perendim-2020-2023_CHwB-Kosova-1.png","type":"image\/png"}],"author":"chwbkosova","twitter_card":"summary_large_image","twitter_misc":{"Written by":"chwbkosova","Est. reading time":"1 minute"},"schema":{"@context":"https:\/\/schema.org","@graph":[{"@type":"Article","@id":"https:\/\/chwbkosova.org\/sq\/plani-i-veprimit-per-zhvillimin-e-rajonit-ekonomik-perendim-permes-trashegimise-kulturore\/#article","isPartOf":{"@id":"https:\/\/chwbkosova.org\/sq\/plani-i-veprimit-per-zhvillimin-e-rajonit-ekonomik-perendim-permes-trashegimise-kulturore\/"},"author":{"name":"chwbkosova","@id":"https:\/\/chwbkosova.org\/#\/schema\/person\/e9fa62dca5d46fc7354036eb8ace7a05"},"headline":"Plani i Veprimit p\u00ebr Zhvillimin e Rajonit Ekonomik Per\u00ebndim p\u00ebrmes Trash\u00ebgimis\u00eb Kulturore","datePublished":"2020-01-01T12:01:31+00:00","dateModified":"2026-03-04T10:32:17+00:00","mainEntityOfPage":{"@id":"https:\/\/chwbkosova.org\/sq\/plani-i-veprimit-per-zhvillimin-e-rajonit-ekonomik-perendim-permes-trashegimise-kulturore\/"},"wordCount":193,"commentCount":0,"publisher":{"@id":"https:\/\/chwbkosova.org\/#organization"},"image":{"@id":"https:\/\/chwbkosova.org\/sq\/plani-i-veprimit-per-zhvillimin-e-rajonit-ekonomik-perendim-permes-trashegimise-kulturore\/#primaryimage"},"thumbnailUrl":"https:\/\/chwbkosova.org\/wp-content\/uploads\/2020\/01\/Pages-from-Plani-i-Veprimit-per-Zhvillimin-e-Rajonit-Ekonomik-Perendim-2020-2023_CHwB-Kosova-1.png","articleSection":["Projekte"],"inLanguage":"sq-AL","potentialAction":[{"@type":"CommentAction","name":"Comment","target":["https:\/\/chwbkosova.org\/sq\/plani-i-veprimit-per-zhvillimin-e-rajonit-ekonomik-perendim-permes-trashegimise-kulturore\/#respond"]}]},{"@type":"WebPage","@id":"https:\/\/chwbkosova.org\/sq\/plani-i-veprimit-per-zhvillimin-e-rajonit-ekonomik-perendim-permes-trashegimise-kulturore\/","url":"https:\/\/chwbkosova.org\/sq\/plani-i-veprimit-per-zhvillimin-e-rajonit-ekonomik-perendim-permes-trashegimise-kulturore\/","name":"Plani i Veprimit p\u00ebr Zhvillimin e Rajonit Ekonomik Per\u00ebndim p\u00ebrmes Trash\u00ebgimis\u00eb Kulturore -","isPartOf":{"@id":"https:\/\/chwbkosova.org\/#website"},"primaryImageOfPage":{"@id":"https:\/\/chwbkosova.org\/sq\/plani-i-veprimit-per-zhvillimin-e-rajonit-ekonomik-perendim-permes-trashegimise-kulturore\/#primaryimage"},"image":{"@id":"https:\/\/chwbkosova.org\/sq\/plani-i-veprimit-per-zhvillimin-e-rajonit-ekonomik-perendim-permes-trashegimise-kulturore\/#primaryimage"},"thumbnailUrl":"https:\/\/chwbkosova.org\/wp-content\/uploads\/2020\/01\/Pages-from-Plani-i-Veprimit-per-Zhvillimin-e-Rajonit-Ekonomik-Perendim-2020-2023_CHwB-Kosova-1.png","datePublished":"2020-01-01T12:01:31+00:00","dateModified":"2026-03-04T10:32:17+00:00","breadcrumb":{"@id":"https:\/\/chwbkosova.org\/sq\/plani-i-veprimit-per-zhvillimin-e-rajonit-ekonomik-perendim-permes-trashegimise-kulturore\/#breadcrumb"},"inLanguage":"sq-AL","potentialAction":[{"@type":"ReadAction","target":["https:\/\/chwbkosova.org\/sq\/plani-i-veprimit-per-zhvillimin-e-rajonit-ekonomik-perendim-permes-trashegimise-kulturore\/"]}]},{"@type":"ImageObject","inLanguage":"sq-AL","@id":"https:\/\/chwbkosova.org\/sq\/plani-i-veprimit-per-zhvillimin-e-rajonit-ekonomik-perendim-permes-trashegimise-kulturore\/#primaryimage","url":"https:\/\/chwbkosova.org\/wp-content\/uploads\/2020\/01\/Pages-from-Plani-i-Veprimit-per-Zhvillimin-e-Rajonit-Ekonomik-Perendim-2020-2023_CHwB-Kosova-1.png","contentUrl":"https:\/\/chwbkosova.org\/wp-content\/uploads\/2020\/01\/Pages-from-Plani-i-Veprimit-per-Zhvillimin-e-Rajonit-Ekonomik-Perendim-2020-2023_CHwB-Kosova-1.png","width":2339,"height":1654},{"@type":"BreadcrumbList","@id":"https:\/\/chwbkosova.org\/sq\/plani-i-veprimit-per-zhvillimin-e-rajonit-ekonomik-perendim-permes-trashegimise-kulturore\/#breadcrumb","itemListElement":[{"@type":"ListItem","position":1,"name":"Home","item":"https:\/\/chwbkosova.org\/sq\/ballina-2\/"},{"@type":"ListItem","position":2,"name":"Plani i Veprimit p\u00ebr Zhvillimin e Rajonit Ekonomik Per\u00ebndim p\u00ebrmes Trash\u00ebgimis\u00eb Kulturore"}]},{"@type":"WebSite","@id":"https:\/\/chwbkosova.org\/#website","url":"https:\/\/chwbkosova.org\/","name":"CHWB Kosova","description":"CHWB Kosova","publisher":{"@id":"https:\/\/chwbkosova.org\/#organization"},"potentialAction":[{"@type":"SearchAction","target":{"@type":"EntryPoint","urlTemplate":"https:\/\/chwbkosova.org\/?s={search_term_string}"},"query-input":{"@type":"PropertyValueSpecification","valueRequired":true,"valueName":"search_term_string"}}],"inLanguage":"sq-AL"},{"@type":"Organization","@id":"https:\/\/chwbkosova.org\/#organization","name":"CHWB Kosova","url":"https:\/\/chwbkosova.org\/","logo":{"@type":"ImageObject","inLanguage":"sq-AL","@id":"https:\/\/chwbkosova.org\/#\/schema\/logo\/image\/","url":"https:\/\/chwbkosova.org\/wp-content\/uploads\/2023\/07\/cropped-logo_black.jpg","contentUrl":"https:\/\/chwbkosova.org\/wp-content\/uploads\/2023\/07\/cropped-logo_black.jpg","width":512,"height":512,"caption":"CHWB Kosova"},"image":{"@id":"https:\/\/chwbkosova.org\/#\/schema\/logo\/image\/"}},{"@type":"Person","@id":"https:\/\/chwbkosova.org\/#\/schema\/person\/e9fa62dca5d46fc7354036eb8ace7a05","name":"chwbkosova","image":{"@type":"ImageObject","inLanguage":"sq-AL","@id":"https:\/\/secure.gravatar.com\/avatar\/f445e167d6c9b78f438fc32458f47a73debdb007b7b6a9fe8c235acffbf3d84e?s=96&d=mm&r=g","url":"https:\/\/secure.gravatar.com\/avatar\/f445e167d6c9b78f438fc32458f47a73debdb007b7b6a9fe8c235acffbf3d84e?s=96&d=mm&r=g","contentUrl":"https:\/\/secure.gravatar.com\/avatar\/f445e167d6c9b78f438fc32458f47a73debdb007b7b6a9fe8c235acffbf3d84e?s=96&d=mm&r=g","caption":"chwbkosova"},"url":"https:\/\/chwbkosova.org\/sq\/author\/chwbkosova\/"}]}},"_links":{"self":[{"href":"https:\/\/chwbkosova.org\/sq\/wp-json\/wp\/v2\/posts\/16633","targetHints":{"allow":["GET"]}}],"collection":[{"href":"https:\/\/chwbkosova.org\/sq\/wp-json\/wp\/v2\/posts"}],"about":[{"href":"https:\/\/chwbkosova.org\/sq\/wp-json\/wp\/v2\/types\/post"}],"author":[{"embeddable":true,"href":"https:\/\/chwbkosova.org\/sq\/wp-json\/wp\/v2\/users\/9"}],"replies":[{"embeddable":true,"href":"https:\/\/chwbkosova.org\/sq\/wp-json\/wp\/v2\/comments?post=16633"}],"version-history":[{"count":1,"href":"https:\/\/chwbkosova.org\/sq\/wp-json\/wp\/v2\/posts\/16633\/revisions"}],"predecessor-version":[{"id":16634,"href":"https:\/\/chwbkosova.org\/sq\/wp-json\/wp\/v2\/posts\/16633\/revisions\/16634"}],"wp:featuredmedia":[{"embeddable":true,"href":"https:\/\/chwbkosova.org\/sq\/wp-json\/wp\/v2\/media\/16632"}],"wp:attachment":[{"href":"https:\/\/chwbkosova.org\/sq\/wp-json\/wp\/v2\/media?parent=16633"}],"wp:term":[{"taxonomy":"category","embeddable":true,"href":"https:\/\/chwbkosova.org\/sq\/wp-json\/wp\/v2\/categories?post=16633"},{"taxonomy":"post_tag","embeddable":true,"href":"https:\/\/chwbkosova.org\/sq\/wp-json\/wp\/v2\/tags?post=16633"}],"curies":[{"name":"wp","href":"https:\/\/api.w.org\/{rel}","templated":true}]}}