{"id":17986,"date":"2012-01-15T12:01:32","date_gmt":"2012-01-15T12:01:32","guid":{"rendered":"https:\/\/chwbkosova.org\/?p=17986"},"modified":"2026-04-15T08:49:28","modified_gmt":"2026-04-15T08:49:28","slug":"prezervimi-dhe-mbrojtja-e-kalase-se-vushtrrise","status":"publish","type":"post","link":"https:\/\/chwbkosova.org\/sq\/prezervimi-dhe-mbrojtja-e-kalase-se-vushtrrise\/","title":{"rendered":"Prezervimi dhe Mbrojtja e Kalas\u00eb s\u00eb Vushtrris\u00eb"},"content":{"rendered":"<p><strong>Aktiviteti Kryesor: <\/strong>Konservimi Strukturor: Stabilizimi dhe restaurimi i strukturave ekzistuese t\u00eb kalas\u00eb p\u00ebr t\u00eb ruajtur integritetin e saj historik; P\u00ebrshtatja Funksionale: Rip\u00ebrdorimi i kull\u00ebs kryesore n\u00eb nj\u00eb zon\u00eb ekspozitash dhe krijimi i hap\u00ebsirave brenda kalas\u00eb p\u00ebr ngjarje edukative dhe kulturore; Angazhimi i Komunitetit: Inkurajimi i p\u00ebrfshirjes s\u00eb komunitetit lokal p\u00ebr t\u00eb nxitur nj\u00eb interes proaktiv n\u00eb ruajtjen dhe shfryt\u00ebzimin e kalas\u00eb.<\/p>\n<p><strong>P\u00ebrfituesit Kryesor\u00eb: <\/strong>An\u00ebtar\u00ebt e komunitetit lokal t\u00eb Vushtrris\u00eb, t\u00eb cil\u00ebt fituan akses n\u00eb nj\u00eb vend t\u00eb trash\u00ebgimis\u00eb kulturore t\u00eb ruajtur dhe hap\u00ebsira t\u00eb reja publike.<\/p>\n<p>Artist\u00ebt dhe praktikuesit e kultur\u00ebs, t\u00eb pajisur me vende p\u00ebr ekspozita dhe ngjarje.<\/p>\n<p>Vizitor\u00ebt dhe turist\u00ebt, t\u00eb cil\u00ebt tani mund t\u00eb eksplorojn\u00eb dhe t\u00eb m\u00ebsojn\u00eb nga vendi historik i rivitalizuar.<\/p>\n<p><strong>Afati Kohor: <\/strong>2012-2014<\/p>\n<p><strong>Financimi: <\/strong>State Department &#8211; AFCP &amp; Cultural Heritage Preservation Fund<\/p>\n<p><strong>Vendndodhja: <\/strong>Bashkia e Vushtrris\u00eb<\/p>\n<p><strong>Objektivat Kryesore t\u00eb Projektit<\/strong><\/p>\n<ul>\n<li>Konservimi dhe rivitalizimi i vendit arkeologjik t\u00eb Kalas\u00eb s\u00eb Vushtrris\u00eb, duke siguruar integritetin e tij strukturor dhe autenticitetin historik.<\/li>\n<li>Transformimi i kull\u00ebs kryesore n\u00eb nj\u00eb zon\u00eb funksionale ekspozitash p\u00ebr t\u00eb promovuar aktivitete kulturore dhe edukative.<\/li>\n<li>Krijimi i hap\u00ebsirave t\u00eb reja publike brenda kalas\u00eb p\u00ebr t\u00eb leht\u00ebsuar angazhimin e komunitetit dhe ngjarjet kulturore.<\/li>\n<\/ul>\n<p><strong>Rezultatet kryesore t\u00eb projektit<\/strong><\/p>\n<ul>\n<li>Konservimi dhe rivitalizimi i suksessh\u00ebm i Kalas\u00eb s\u00eb Vushtrris\u00eb, duke ruajtur r\u00ebnd\u00ebsin\u00eb e saj historike.<\/li>\n<li>Ngritja e nj\u00eb zone ekspozite n\u00eb kull\u00ebn kryesore, duke rritur ofertat kulturore dhe arsimore.<\/li>\n<li>Zhvillimi i hap\u00ebsirave funksionale brenda kalas\u00eb, duke sh\u00ebrbyer si platforma p\u00ebr ngjarje artistike dhe kulturore.<\/li>\n<\/ul>\n","protected":false},"excerpt":{"rendered":"<p>Aktiviteti Kryesor: Konservimi Strukturor: Stabilizimi dhe restaurimi i strukturave ekzistuese t\u00eb kalas\u00eb p\u00ebr t\u00eb ruajtur integritetin e saj historik; P\u00ebrshtatja Funksionale: Rip\u00ebrdorimi i kull\u00ebs kryesore n\u00eb nj\u00eb zon\u00eb ekspozitash dhe krijimi i hap\u00ebsirave brenda kalas\u00eb p\u00ebr ngjarje edukative dhe kulturore; Angazhimi i Komunitetit: Inkurajimi i p\u00ebrfshirjes s\u00eb komunitetit lokal p\u00ebr t\u00eb nxitur nj\u00eb interes proaktiv [&hellip;]<\/p>\n","protected":false},"author":9,"featured_media":17979,"comment_status":"open","ping_status":"open","sticky":false,"template":"","format":"standard","meta":{"_acf_changed":false,"footnotes":""},"categories":[76],"tags":[],"class_list":["post-17986","post","type-post","status-publish","format-standard","has-post-thumbnail","hentry","category-projekte"],"acf":[],"yoast_head":"<!-- This site is optimized with the Yoast SEO plugin v27.4 - https:\/\/yoast.com\/product\/yoast-seo-wordpress\/ -->\n<title>Prezervimi dhe Mbrojtja e Kalas\u00eb s\u00eb Vushtrris\u00eb -<\/title>\n<meta name=\"robots\" content=\"index, follow, max-snippet:-1, max-image-preview:large, max-video-preview:-1\" \/>\n<link rel=\"canonical\" href=\"https:\/\/chwbkosova.org\/sq\/prezervimi-dhe-mbrojtja-e-kalase-se-vushtrrise\/\" \/>\n<meta property=\"og:locale\" content=\"sq_AL\" \/>\n<meta property=\"og:type\" content=\"article\" \/>\n<meta property=\"og:title\" content=\"Prezervimi dhe Mbrojtja e Kalas\u00eb s\u00eb Vushtrris\u00eb -\" \/>\n<meta property=\"og:description\" content=\"Aktiviteti Kryesor: Konservimi Strukturor: Stabilizimi dhe restaurimi i strukturave ekzistuese t\u00eb kalas\u00eb p\u00ebr t\u00eb ruajtur integritetin e saj historik; P\u00ebrshtatja Funksionale: Rip\u00ebrdorimi i kull\u00ebs kryesore n\u00eb nj\u00eb zon\u00eb ekspozitash dhe krijimi i hap\u00ebsirave brenda kalas\u00eb p\u00ebr ngjarje edukative dhe kulturore; Angazhimi i Komunitetit: Inkurajimi i p\u00ebrfshirjes s\u00eb komunitetit lokal p\u00ebr t\u00eb nxitur nj\u00eb interes proaktiv [&hellip;]\" \/>\n<meta property=\"og:url\" content=\"https:\/\/chwbkosova.org\/sq\/prezervimi-dhe-mbrojtja-e-kalase-se-vushtrrise\/\" \/>\n<meta property=\"article:published_time\" content=\"2012-01-15T12:01:32+00:00\" \/>\n<meta property=\"article:modified_time\" content=\"2026-04-15T08:49:28+00:00\" \/>\n<meta property=\"og:image\" content=\"https:\/\/chwbkosova.org\/wp-content\/uploads\/2026\/04\/Screenshot-2026-04-15-104515.png\" \/>\n\t<meta property=\"og:image:width\" content=\"967\" \/>\n\t<meta property=\"og:image:height\" content=\"871\" \/>\n\t<meta property=\"og:image:type\" content=\"image\/png\" \/>\n<meta name=\"author\" content=\"chwbkosova\" \/>\n<meta name=\"twitter:card\" content=\"summary_large_image\" \/>\n<meta name=\"twitter:label1\" content=\"Written by\" \/>\n\t<meta name=\"twitter:data1\" content=\"chwbkosova\" \/>\n\t<meta name=\"twitter:label2\" content=\"Est. reading time\" \/>\n\t<meta name=\"twitter:data2\" content=\"1 minute\" \/>\n<script type=\"application\/ld+json\" class=\"yoast-schema-graph\">{\"@context\":\"https:\\\/\\\/schema.org\",\"@graph\":[{\"@type\":\"Article\",\"@id\":\"https:\\\/\\\/chwbkosova.org\\\/sq\\\/prezervimi-dhe-mbrojtja-e-kalase-se-vushtrrise\\\/#article\",\"isPartOf\":{\"@id\":\"https:\\\/\\\/chwbkosova.org\\\/sq\\\/prezervimi-dhe-mbrojtja-e-kalase-se-vushtrrise\\\/\"},\"author\":{\"name\":\"chwbkosova\",\"@id\":\"https:\\\/\\\/chwbkosova.org\\\/#\\\/schema\\\/person\\\/e9fa62dca5d46fc7354036eb8ace7a05\"},\"headline\":\"Prezervimi dhe Mbrojtja e Kalas\u00eb s\u00eb Vushtrris\u00eb\",\"datePublished\":\"2012-01-15T12:01:32+00:00\",\"dateModified\":\"2026-04-15T08:49:28+00:00\",\"mainEntityOfPage\":{\"@id\":\"https:\\\/\\\/chwbkosova.org\\\/sq\\\/prezervimi-dhe-mbrojtja-e-kalase-se-vushtrrise\\\/\"},\"wordCount\":278,\"commentCount\":0,\"publisher\":{\"@id\":\"https:\\\/\\\/chwbkosova.org\\\/#organization\"},\"image\":{\"@id\":\"https:\\\/\\\/chwbkosova.org\\\/sq\\\/prezervimi-dhe-mbrojtja-e-kalase-se-vushtrrise\\\/#primaryimage\"},\"thumbnailUrl\":\"https:\\\/\\\/chwbkosova.org\\\/wp-content\\\/uploads\\\/2026\\\/04\\\/Screenshot-2026-04-15-104515.png\",\"articleSection\":[\"Projekte\"],\"inLanguage\":\"sq-AL\",\"potentialAction\":[{\"@type\":\"CommentAction\",\"name\":\"Comment\",\"target\":[\"https:\\\/\\\/chwbkosova.org\\\/sq\\\/prezervimi-dhe-mbrojtja-e-kalase-se-vushtrrise\\\/#respond\"]}]},{\"@type\":\"WebPage\",\"@id\":\"https:\\\/\\\/chwbkosova.org\\\/sq\\\/prezervimi-dhe-mbrojtja-e-kalase-se-vushtrrise\\\/\",\"url\":\"https:\\\/\\\/chwbkosova.org\\\/sq\\\/prezervimi-dhe-mbrojtja-e-kalase-se-vushtrrise\\\/\",\"name\":\"Prezervimi dhe Mbrojtja e Kalas\u00eb s\u00eb Vushtrris\u00eb -\",\"isPartOf\":{\"@id\":\"https:\\\/\\\/chwbkosova.org\\\/#website\"},\"primaryImageOfPage\":{\"@id\":\"https:\\\/\\\/chwbkosova.org\\\/sq\\\/prezervimi-dhe-mbrojtja-e-kalase-se-vushtrrise\\\/#primaryimage\"},\"image\":{\"@id\":\"https:\\\/\\\/chwbkosova.org\\\/sq\\\/prezervimi-dhe-mbrojtja-e-kalase-se-vushtrrise\\\/#primaryimage\"},\"thumbnailUrl\":\"https:\\\/\\\/chwbkosova.org\\\/wp-content\\\/uploads\\\/2026\\\/04\\\/Screenshot-2026-04-15-104515.png\",\"datePublished\":\"2012-01-15T12:01:32+00:00\",\"dateModified\":\"2026-04-15T08:49:28+00:00\",\"breadcrumb\":{\"@id\":\"https:\\\/\\\/chwbkosova.org\\\/sq\\\/prezervimi-dhe-mbrojtja-e-kalase-se-vushtrrise\\\/#breadcrumb\"},\"inLanguage\":\"sq-AL\",\"potentialAction\":[{\"@type\":\"ReadAction\",\"target\":[\"https:\\\/\\\/chwbkosova.org\\\/sq\\\/prezervimi-dhe-mbrojtja-e-kalase-se-vushtrrise\\\/\"]}]},{\"@type\":\"ImageObject\",\"inLanguage\":\"sq-AL\",\"@id\":\"https:\\\/\\\/chwbkosova.org\\\/sq\\\/prezervimi-dhe-mbrojtja-e-kalase-se-vushtrrise\\\/#primaryimage\",\"url\":\"https:\\\/\\\/chwbkosova.org\\\/wp-content\\\/uploads\\\/2026\\\/04\\\/Screenshot-2026-04-15-104515.png\",\"contentUrl\":\"https:\\\/\\\/chwbkosova.org\\\/wp-content\\\/uploads\\\/2026\\\/04\\\/Screenshot-2026-04-15-104515.png\",\"width\":967,\"height\":871},{\"@type\":\"BreadcrumbList\",\"@id\":\"https:\\\/\\\/chwbkosova.org\\\/sq\\\/prezervimi-dhe-mbrojtja-e-kalase-se-vushtrrise\\\/#breadcrumb\",\"itemListElement\":[{\"@type\":\"ListItem\",\"position\":1,\"name\":\"Home\",\"item\":\"https:\\\/\\\/chwbkosova.org\\\/sq\\\/ballina-2\\\/\"},{\"@type\":\"ListItem\",\"position\":2,\"name\":\"Prezervimi dhe Mbrojtja e Kalas\u00eb s\u00eb Vushtrris\u00eb\"}]},{\"@type\":\"WebSite\",\"@id\":\"https:\\\/\\\/chwbkosova.org\\\/#website\",\"url\":\"https:\\\/\\\/chwbkosova.org\\\/\",\"name\":\"CHWB Kosova\",\"description\":\"CHWB Kosova\",\"publisher\":{\"@id\":\"https:\\\/\\\/chwbkosova.org\\\/#organization\"},\"potentialAction\":[{\"@type\":\"SearchAction\",\"target\":{\"@type\":\"EntryPoint\",\"urlTemplate\":\"https:\\\/\\\/chwbkosova.org\\\/?s={search_term_string}\"},\"query-input\":{\"@type\":\"PropertyValueSpecification\",\"valueRequired\":true,\"valueName\":\"search_term_string\"}}],\"inLanguage\":\"sq-AL\"},{\"@type\":\"Organization\",\"@id\":\"https:\\\/\\\/chwbkosova.org\\\/#organization\",\"name\":\"CHWB Kosova\",\"url\":\"https:\\\/\\\/chwbkosova.org\\\/\",\"logo\":{\"@type\":\"ImageObject\",\"inLanguage\":\"sq-AL\",\"@id\":\"https:\\\/\\\/chwbkosova.org\\\/#\\\/schema\\\/logo\\\/image\\\/\",\"url\":\"https:\\\/\\\/chwbkosova.org\\\/wp-content\\\/uploads\\\/2023\\\/07\\\/cropped-logo_black.jpg\",\"contentUrl\":\"https:\\\/\\\/chwbkosova.org\\\/wp-content\\\/uploads\\\/2023\\\/07\\\/cropped-logo_black.jpg\",\"width\":512,\"height\":512,\"caption\":\"CHWB Kosova\"},\"image\":{\"@id\":\"https:\\\/\\\/chwbkosova.org\\\/#\\\/schema\\\/logo\\\/image\\\/\"}},{\"@type\":\"Person\",\"@id\":\"https:\\\/\\\/chwbkosova.org\\\/#\\\/schema\\\/person\\\/e9fa62dca5d46fc7354036eb8ace7a05\",\"name\":\"chwbkosova\",\"image\":{\"@type\":\"ImageObject\",\"inLanguage\":\"sq-AL\",\"@id\":\"https:\\\/\\\/secure.gravatar.com\\\/avatar\\\/f445e167d6c9b78f438fc32458f47a73debdb007b7b6a9fe8c235acffbf3d84e?s=96&d=mm&r=g\",\"url\":\"https:\\\/\\\/secure.gravatar.com\\\/avatar\\\/f445e167d6c9b78f438fc32458f47a73debdb007b7b6a9fe8c235acffbf3d84e?s=96&d=mm&r=g\",\"contentUrl\":\"https:\\\/\\\/secure.gravatar.com\\\/avatar\\\/f445e167d6c9b78f438fc32458f47a73debdb007b7b6a9fe8c235acffbf3d84e?s=96&d=mm&r=g\",\"caption\":\"chwbkosova\"},\"url\":\"https:\\\/\\\/chwbkosova.org\\\/sq\\\/author\\\/chwbkosova\\\/\"}]}<\/script>\n<!-- \/ Yoast SEO plugin. -->","yoast_head_json":{"title":"Prezervimi dhe Mbrojtja e Kalas\u00eb s\u00eb Vushtrris\u00eb -","robots":{"index":"index","follow":"follow","max-snippet":"max-snippet:-1","max-image-preview":"max-image-preview:large","max-video-preview":"max-video-preview:-1"},"canonical":"https:\/\/chwbkosova.org\/sq\/prezervimi-dhe-mbrojtja-e-kalase-se-vushtrrise\/","og_locale":"sq_AL","og_type":"article","og_title":"Prezervimi dhe Mbrojtja e Kalas\u00eb s\u00eb Vushtrris\u00eb -","og_description":"Aktiviteti Kryesor: Konservimi Strukturor: Stabilizimi dhe restaurimi i strukturave ekzistuese t\u00eb kalas\u00eb p\u00ebr t\u00eb ruajtur integritetin e saj historik; P\u00ebrshtatja Funksionale: Rip\u00ebrdorimi i kull\u00ebs kryesore n\u00eb nj\u00eb zon\u00eb ekspozitash dhe krijimi i hap\u00ebsirave brenda kalas\u00eb p\u00ebr ngjarje edukative dhe kulturore; Angazhimi i Komunitetit: Inkurajimi i p\u00ebrfshirjes s\u00eb komunitetit lokal p\u00ebr t\u00eb nxitur nj\u00eb interes proaktiv [&hellip;]","og_url":"https:\/\/chwbkosova.org\/sq\/prezervimi-dhe-mbrojtja-e-kalase-se-vushtrrise\/","article_published_time":"2012-01-15T12:01:32+00:00","article_modified_time":"2026-04-15T08:49:28+00:00","og_image":[{"width":967,"height":871,"url":"https:\/\/chwbkosova.org\/wp-content\/uploads\/2026\/04\/Screenshot-2026-04-15-104515.png","type":"image\/png"}],"author":"chwbkosova","twitter_card":"summary_large_image","twitter_misc":{"Written by":"chwbkosova","Est. reading time":"1 minute"},"schema":{"@context":"https:\/\/schema.org","@graph":[{"@type":"Article","@id":"https:\/\/chwbkosova.org\/sq\/prezervimi-dhe-mbrojtja-e-kalase-se-vushtrrise\/#article","isPartOf":{"@id":"https:\/\/chwbkosova.org\/sq\/prezervimi-dhe-mbrojtja-e-kalase-se-vushtrrise\/"},"author":{"name":"chwbkosova","@id":"https:\/\/chwbkosova.org\/#\/schema\/person\/e9fa62dca5d46fc7354036eb8ace7a05"},"headline":"Prezervimi dhe Mbrojtja e Kalas\u00eb s\u00eb Vushtrris\u00eb","datePublished":"2012-01-15T12:01:32+00:00","dateModified":"2026-04-15T08:49:28+00:00","mainEntityOfPage":{"@id":"https:\/\/chwbkosova.org\/sq\/prezervimi-dhe-mbrojtja-e-kalase-se-vushtrrise\/"},"wordCount":278,"commentCount":0,"publisher":{"@id":"https:\/\/chwbkosova.org\/#organization"},"image":{"@id":"https:\/\/chwbkosova.org\/sq\/prezervimi-dhe-mbrojtja-e-kalase-se-vushtrrise\/#primaryimage"},"thumbnailUrl":"https:\/\/chwbkosova.org\/wp-content\/uploads\/2026\/04\/Screenshot-2026-04-15-104515.png","articleSection":["Projekte"],"inLanguage":"sq-AL","potentialAction":[{"@type":"CommentAction","name":"Comment","target":["https:\/\/chwbkosova.org\/sq\/prezervimi-dhe-mbrojtja-e-kalase-se-vushtrrise\/#respond"]}]},{"@type":"WebPage","@id":"https:\/\/chwbkosova.org\/sq\/prezervimi-dhe-mbrojtja-e-kalase-se-vushtrrise\/","url":"https:\/\/chwbkosova.org\/sq\/prezervimi-dhe-mbrojtja-e-kalase-se-vushtrrise\/","name":"Prezervimi dhe Mbrojtja e Kalas\u00eb s\u00eb Vushtrris\u00eb -","isPartOf":{"@id":"https:\/\/chwbkosova.org\/#website"},"primaryImageOfPage":{"@id":"https:\/\/chwbkosova.org\/sq\/prezervimi-dhe-mbrojtja-e-kalase-se-vushtrrise\/#primaryimage"},"image":{"@id":"https:\/\/chwbkosova.org\/sq\/prezervimi-dhe-mbrojtja-e-kalase-se-vushtrrise\/#primaryimage"},"thumbnailUrl":"https:\/\/chwbkosova.org\/wp-content\/uploads\/2026\/04\/Screenshot-2026-04-15-104515.png","datePublished":"2012-01-15T12:01:32+00:00","dateModified":"2026-04-15T08:49:28+00:00","breadcrumb":{"@id":"https:\/\/chwbkosova.org\/sq\/prezervimi-dhe-mbrojtja-e-kalase-se-vushtrrise\/#breadcrumb"},"inLanguage":"sq-AL","potentialAction":[{"@type":"ReadAction","target":["https:\/\/chwbkosova.org\/sq\/prezervimi-dhe-mbrojtja-e-kalase-se-vushtrrise\/"]}]},{"@type":"ImageObject","inLanguage":"sq-AL","@id":"https:\/\/chwbkosova.org\/sq\/prezervimi-dhe-mbrojtja-e-kalase-se-vushtrrise\/#primaryimage","url":"https:\/\/chwbkosova.org\/wp-content\/uploads\/2026\/04\/Screenshot-2026-04-15-104515.png","contentUrl":"https:\/\/chwbkosova.org\/wp-content\/uploads\/2026\/04\/Screenshot-2026-04-15-104515.png","width":967,"height":871},{"@type":"BreadcrumbList","@id":"https:\/\/chwbkosova.org\/sq\/prezervimi-dhe-mbrojtja-e-kalase-se-vushtrrise\/#breadcrumb","itemListElement":[{"@type":"ListItem","position":1,"name":"Home","item":"https:\/\/chwbkosova.org\/sq\/ballina-2\/"},{"@type":"ListItem","position":2,"name":"Prezervimi dhe Mbrojtja e Kalas\u00eb s\u00eb Vushtrris\u00eb"}]},{"@type":"WebSite","@id":"https:\/\/chwbkosova.org\/#website","url":"https:\/\/chwbkosova.org\/","name":"CHWB Kosova","description":"CHWB Kosova","publisher":{"@id":"https:\/\/chwbkosova.org\/#organization"},"potentialAction":[{"@type":"SearchAction","target":{"@type":"EntryPoint","urlTemplate":"https:\/\/chwbkosova.org\/?s={search_term_string}"},"query-input":{"@type":"PropertyValueSpecification","valueRequired":true,"valueName":"search_term_string"}}],"inLanguage":"sq-AL"},{"@type":"Organization","@id":"https:\/\/chwbkosova.org\/#organization","name":"CHWB Kosova","url":"https:\/\/chwbkosova.org\/","logo":{"@type":"ImageObject","inLanguage":"sq-AL","@id":"https:\/\/chwbkosova.org\/#\/schema\/logo\/image\/","url":"https:\/\/chwbkosova.org\/wp-content\/uploads\/2023\/07\/cropped-logo_black.jpg","contentUrl":"https:\/\/chwbkosova.org\/wp-content\/uploads\/2023\/07\/cropped-logo_black.jpg","width":512,"height":512,"caption":"CHWB Kosova"},"image":{"@id":"https:\/\/chwbkosova.org\/#\/schema\/logo\/image\/"}},{"@type":"Person","@id":"https:\/\/chwbkosova.org\/#\/schema\/person\/e9fa62dca5d46fc7354036eb8ace7a05","name":"chwbkosova","image":{"@type":"ImageObject","inLanguage":"sq-AL","@id":"https:\/\/secure.gravatar.com\/avatar\/f445e167d6c9b78f438fc32458f47a73debdb007b7b6a9fe8c235acffbf3d84e?s=96&d=mm&r=g","url":"https:\/\/secure.gravatar.com\/avatar\/f445e167d6c9b78f438fc32458f47a73debdb007b7b6a9fe8c235acffbf3d84e?s=96&d=mm&r=g","contentUrl":"https:\/\/secure.gravatar.com\/avatar\/f445e167d6c9b78f438fc32458f47a73debdb007b7b6a9fe8c235acffbf3d84e?s=96&d=mm&r=g","caption":"chwbkosova"},"url":"https:\/\/chwbkosova.org\/sq\/author\/chwbkosova\/"}]}},"_links":{"self":[{"href":"https:\/\/chwbkosova.org\/sq\/wp-json\/wp\/v2\/posts\/17986","targetHints":{"allow":["GET"]}}],"collection":[{"href":"https:\/\/chwbkosova.org\/sq\/wp-json\/wp\/v2\/posts"}],"about":[{"href":"https:\/\/chwbkosova.org\/sq\/wp-json\/wp\/v2\/types\/post"}],"author":[{"embeddable":true,"href":"https:\/\/chwbkosova.org\/sq\/wp-json\/wp\/v2\/users\/9"}],"replies":[{"embeddable":true,"href":"https:\/\/chwbkosova.org\/sq\/wp-json\/wp\/v2\/comments?post=17986"}],"version-history":[{"count":1,"href":"https:\/\/chwbkosova.org\/sq\/wp-json\/wp\/v2\/posts\/17986\/revisions"}],"predecessor-version":[{"id":17987,"href":"https:\/\/chwbkosova.org\/sq\/wp-json\/wp\/v2\/posts\/17986\/revisions\/17987"}],"wp:featuredmedia":[{"embeddable":true,"href":"https:\/\/chwbkosova.org\/sq\/wp-json\/wp\/v2\/media\/17979"}],"wp:attachment":[{"href":"https:\/\/chwbkosova.org\/sq\/wp-json\/wp\/v2\/media?parent=17986"}],"wp:term":[{"taxonomy":"category","embeddable":true,"href":"https:\/\/chwbkosova.org\/sq\/wp-json\/wp\/v2\/categories?post=17986"},{"taxonomy":"post_tag","embeddable":true,"href":"https:\/\/chwbkosova.org\/sq\/wp-json\/wp\/v2\/tags?post=17986"}],"curies":[{"name":"wp","href":"https:\/\/api.w.org\/{rel}","templated":true}]}}